{"id":20,"date":"2018-06-22T10:47:06","date_gmt":"2018-06-22T08:47:06","guid":{"rendered":"https:\/\/www.trauma-and-prostitution.eu\/es\/?p=20"},"modified":"2018-06-27T21:21:04","modified_gmt":"2018-06-27T19:21:04","slug":"terapeutas-alemanes-contra-la-prostitucion","status":"publish","type":"post","link":"https:\/\/www.trauma-and-prostitution.eu\/es\/2018\/06\/22\/terapeutas-alemanes-contra-la-prostitucion\/","title":{"rendered":"Terapeutas alemanes contra la prostituci\u00f3n!"},"content":{"rendered":"<p><img decoding=\"async\" loading=\"lazy\" class=\"size-medium wp-image-25 alignleft\" src=\"https:\/\/www.trauma-and-prostitution.eu\/es\/wp-content\/uploads\/sites\/6\/2018\/06\/Bildschirmfoto-2018-06-25-um-12.18.43-300x262.png\" alt=\"\" width=\"300\" height=\"262\" srcset=\"https:\/\/www.trauma-and-prostitution.eu\/es\/wp-content\/uploads\/sites\/6\/2018\/06\/Bildschirmfoto-2018-06-25-um-12.18.43-300x262.png 300w, https:\/\/www.trauma-and-prostitution.eu\/es\/wp-content\/uploads\/sites\/6\/2018\/06\/Bildschirmfoto-2018-06-25-um-12.18.43.png 417w\" sizes=\"(max-width: 300px) 100vw, 300px\" \/><br \/>\nLos Efectos de la Legalizaci\u00f3n: Prominentes Expertos en Trauma Presentan Estudio sobre los Da\u00f1os de la Prostituci\u00f3n en Alemania.<\/p>\n<p>\u201cLa prostituci\u00f3n tiene sus ra\u00edces en la violencia perpetrada contra las ni\u00f1as y ni\u00f1os. \u00a1La sociedad no debe esconder o negar esta violencia!\u201d exige Susanne Leutner, la vicepresidente de la Asociaci\u00f3n de Terapeutas en Trauma, EMDRIA.<\/p>\n<p>La Asociaci\u00f3n de Terapeutas en Trauma de Alemania, asociaci\u00f3n de especialistas destacadas en su profesi\u00f3n est\u00e1n exigiendo que la sociedad deslegalice la prostituci\u00f3n y apoye la iniciativa que crearon contra la compra del sexo, \u201cStop Sexkauff\u201d. Esta iniciativa fue hecha por una coalici\u00f3n de grupos sociales y centros terap\u00e9uticos que est\u00e1n pidiendo la adopci\u00f3n del Modelo Legal Sueco: \u201cEl objetivo de este modelo legal no es castigar a las mujeres en situaci\u00f3n de prostituci\u00f3n, sino a los clientes que compran sexo y producen la demanda que, a su vez, crea el mercado de la prostituci\u00f3n. Ellos son los culpables de que m\u00e1s y m\u00e1s j\u00f3venes de los pa\u00edses m\u00e1s pobres del mundo sean tra\u00eddas a Alemania para ser explotadas en la prostituci\u00f3n.\u201d Porque \u201cla realidad de las mujeres explotadas en la prostituci\u00f3n est\u00e1 siendo glorificada o banalizada e ignorada \u2013 y, de esta manera, la explotaci\u00f3n sexual de mujeres est\u00e1 siendo normalizada y es socialmente enraigada\u201d.<!--more--><\/p>\n<p>Esta declaraci\u00f3n de los especialistas con respecto al tratamiento de personas traumatizadas ha causado un gran revuelo. Entre los terapeutas que se han afiliado a la iniciativa est\u00e1 el Prof. G\u00fcnter Seidler, Director de Psicotraumatolog\u00eda en la Universidad de Heidelberg y un pionero de la investigaci\u00f3n sobre trauma en Alemania.<\/p>\n<p>\u201cYa tenemos suficientes personas mentalmente traumatizadas. Las heridas psicol\u00f3gicas causadas por la prostituci\u00f3n son evitables\u201d, dijo Seidler que es tambi\u00e9n uno de los primeros 90 firmantes de la petici\u00f3n de EMMA para abolir la prostituci\u00f3n.<\/p>\n<p>\u201c\u00a1La prostituci\u00f3n es violencia, no una profesi\u00f3n!\u201d acusa el Prof. Wolfgang U. Eckart, el director del Instituto de Historia y \u00c9tica de Medicina en Heidelberg, en la revista Trauma y Violencia, \u00e9l argumenta: \u201cen la prostituci\u00f3n como un todo, poco es gratuito, pero nada es gratuito en la prostituci\u00f3n que lleva como parte la negociaci\u00f3n entre proxeneta o due\u00f1o de prost\u00edbulo y la mujer en situaci\u00f3n de prostituci\u00f3n. Porque la flagrante asimetr\u00eda de poder y el potencial de violencia en las relaciones entre negociantes de la forma m\u00e1s antigua de esclavitud de las mujeres produce relaciones dependientes que producen casi autom\u00e1ticamente todas las excusas y razones para el ejercicio de cualquier tipo de actos de violencia traum\u00e1ticos\u201d.<\/p>\n<p>El Dr. Ingeborg Kraus fue quien inici\u00f3 la protesta de los terapeutas. La terapeuta de trauma de Karlsruhe trabaj\u00f3 en Bosnia con victimas de violaci\u00f3n usada como arma de guerra y cuando volvi\u00f3 a trabajar en las cl\u00ednicas alemanas ella se dio cuenta que: \u201cHasta aqu\u00ed casi todas mis pacientes han sufrido violencia sexual\u201d. Lleg\u00f3 un momento en que Kraus se sinti\u00f3 cansada con el trabajo constante de tratarlas. Ella jur\u00f3: \u201ctambi\u00e9n quiero trabajar en la prevenci\u00f3n\u201d. Para ella, este trabajo incluye la lucha contra la prostituci\u00f3n. \u201cEn mis a\u00f1os de experiencia psicoterap\u00e9utica, he acompa\u00f1ado mujeres en situaci\u00f3n de prostituci\u00f3n y conoc\u00ed sus historiales. As\u00ed he descubierto que la prostituci\u00f3n en todos esos casos es la continuaci\u00f3n de la violencia que hab\u00edan sufrido en sus pasado\u201d.<\/p>\n<p>Se basaron en sus experiencias con pacientes de terapia y las experiencias de \u201cmuchos y muchas colegas\u201d, Michaela Huber solo puede confirmar esto. \u201c\u00bfA qui\u00e9n se le ocurre la idea de vender su proprio cuerpo? El pre-requisito para esto es que alguien tiene que desapropiarse de su propio cuerpo.\u201d Ella continua: \u201cTiene que imaginarlo: alguien tiene que dejarse ser penetrada una y otra vez. Una persona tiene que haber practicado esto, o no lo puede hacer. Esta persona se convierte en s\u00f3lo un cascar\u00f3n que puede cumplir ciertas acciones y ciertos gestos\u201d.<\/p>\n<p>Las victimas de violencia se fuerzan a aprender esta pr\u00e1ctica de separarse de su proprio cuerpo \u2013 o, en el lenguaje de los especialistas, la disociaci\u00f3n \u2013 temprano en sus vidas. No es una coincidencia que los estudios evidencian que la mayor\u00eda de las mujeres (y hombres) explotados en la prostituci\u00f3n han sufrido abuso sexual u otra forma de violencia traum\u00e1tica, por ejemplo la negligencia, como la que es perpetrada contra las ni\u00f1as y ni\u00f1os.<\/p>\n<p>El traumat\u00f3logo Lutz Besser exige que recapacitemos nuestra aceptaci\u00f3n de la prostituci\u00f3n. Elle teme que \u201cestamos en peligro de encontrarnos en una era glacial de la \u00e9tica\u201d, dije Besser. \u201cPero la \u00e9tica tambi\u00e9n nos hace una pregunta: \u00bfQu\u00e9 ocurre a otra persona si yo hago algo?\u201d Sin embargo, esta no es una pregunta que se hacen los que compran el sexo. \u201cLos hombres que compran sexo de paga no se dan cuenta que la mayor\u00eda de las mujeres explotadas en este comercio lo est\u00e1n haciendo bajo presi\u00f3n y coacci\u00f3n. Una sociedad que legitima esto, fomenta una perspectiva que la prostituci\u00f3n es la cosa m\u00e1s normal del mundo\u201d, dije el terapeuta. \u201c\u00a1Y es vergonzoso que nosotros como una sociedad no tenemos una posici\u00f3n m\u00e1s clara con respecto a esto!\u201d<\/p>\n<p>En Berl\u00edn, los pol\u00edticos ahora est\u00e1n buscando recomendaciones, no s\u00f3lo sobre si la prostituci\u00f3n debe ser regulada por medios legales. Tambi\u00e9n est\u00e1n decidiendo cual es el punto de vista de nuestra sociedad sobre el sexo de paga: si la prostituci\u00f3n debe continuar siendo considerada como un trabajo como cualquier otro \u2013 o si la prostituci\u00f3n es un atentado contra la dignidad humana y destruye a los seres humanos. Los firmantes tienen la esperanza que las medidas pol\u00edticas no producir\u00e1n m\u00e1s personas traumatizadas, sino, finalmente, estar\u00e1n trabajando para prevenir el trauma.<\/p>\n<p>Articulo original de la edici\u00f3n Septiembre-Octubre 2014 de EMMA (en alem\u00e1n): TraumatherapeutInnen gegen Prostitution!<\/p>\n<p>Translated to Spanish by CATW:\u00a0http:\/\/www.catwinternational.org\/Home\/Article\/585-terapeutas-alemanes-contra-la-prostitucin<\/p>\n<div class=\"shariff shariff-align-flex-start shariff-widget-align-flex-start\" data-services=\"facebook%7Ctwitter\" data-url=\"https%3A%2F%2Fwww.trauma-and-prostitution.eu%2Fes%2F2018%2F06%2F22%2Fterapeutas-alemanes-contra-la-prostitucion%2F\" data-timestamp=\"1530134464\" data-hidezero=\"1\" data-backendurl=\"https:\/\/www.trauma-and-prostitution.eu\/es\/wp-json\/shariff\/v1\/share_counts?\"><ul class=\"shariff-buttons theme-white orientation-horizontal buttonsize-medium\"><li class=\"shariff-button facebook shariff-nocustomcolor\" style=\"background-color:#4273c8\"><a href=\"https:\/\/www.facebook.com\/sharer\/sharer.php?u=https%3A%2F%2Fwww.trauma-and-prostitution.eu%2Fes%2F2018%2F06%2F22%2Fterapeutas-alemanes-contra-la-prostitucion%2F\" title=\"Compartir en Facebook\" aria-label=\"Compartir en Facebook\" role=\"button\" rel=\"nofollow\" class=\"shariff-link\" style=\"; background-color:#3b5998; color:#3b5998\" target=\"_blank\"><span class=\"shariff-icon\" style=\"fill:#3b5998\"><svg width=\"32px\" height=\"20px\" xmlns=\"http:\/\/www.w3.org\/2000\/svg\" viewBox=\"0 0 18 32\"><path fill=\"#3b5998\" d=\"M17.1 0.2v4.7h-2.8q-1.5 0-2.1 0.6t-0.5 1.9v3.4h5.2l-0.7 5.3h-4.5v13.6h-5.5v-13.6h-4.5v-5.3h4.5v-3.9q0-3.3 1.9-5.2t5-1.8q2.6 0 4.1 0.2z\"\/><\/svg><\/span><span class=\"shariff-text\" style=\"color:#3b5998\">compartir<\/span>&nbsp;<span data-service=\"facebook\" style=\"color:#3b5998\" class=\"shariff-count shariff-hidezero\"><\/span>&nbsp;<\/a><\/li><li class=\"shariff-button twitter shariff-nocustomcolor\" style=\"background-color:#32bbf5\"><a href=\"https:\/\/twitter.com\/share?url=https%3A%2F%2Fwww.trauma-and-prostitution.eu%2Fes%2F2018%2F06%2F22%2Fterapeutas-alemanes-contra-la-prostitucion%2F&text=Terapeutas%20alemanes%20contra%20la%20prostituci%C3%B3n%21\" title=\"Compartir en Twitter\" aria-label=\"Compartir en Twitter\" role=\"button\" rel=\"noopener nofollow\" class=\"shariff-link\" style=\"; background-color:#55acee; color:#55acee\" target=\"_blank\"><span class=\"shariff-icon\" style=\"fill:#55acee\"><svg width=\"32px\" height=\"20px\" xmlns=\"http:\/\/www.w3.org\/2000\/svg\" viewBox=\"0 0 30 32\"><path fill=\"#55acee\" d=\"M29.7 6.8q-1.2 1.8-3 3.1 0 0.3 0 0.8 0 2.5-0.7 4.9t-2.2 4.7-3.5 4-4.9 2.8-6.1 1q-5.1 0-9.3-2.7 0.6 0.1 1.5 0.1 4.3 0 7.6-2.6-2-0.1-3.5-1.2t-2.2-3q0.6 0.1 1.1 0.1 0.8 0 1.6-0.2-2.1-0.4-3.5-2.1t-1.4-3.9v-0.1q1.3 0.7 2.8 0.8-1.2-0.8-2-2.2t-0.7-2.9q0-1.7 0.8-3.1 2.3 2.8 5.5 4.5t7 1.9q-0.2-0.7-0.2-1.4 0-2.5 1.8-4.3t4.3-1.8q2.7 0 4.5 1.9 2.1-0.4 3.9-1.5-0.7 2.2-2.7 3.4 1.8-0.2 3.5-0.9z\"\/><\/svg><\/span><span class=\"shariff-text\" style=\"color:#55acee\">tweet<\/span>&nbsp;<span data-service=\"twitter\" style=\"color:#55acee\" class=\"shariff-count shariff-hidezero\"><\/span>&nbsp;<\/a><\/li><\/ul><\/div>","protected":false},"excerpt":{"rendered":"<p>Los Efectos de la Legalizaci\u00f3n: Prominentes Expertos en Trauma Presentan Estudio sobre los Da\u00f1os de la Prostituci\u00f3n en Alemania. \u201cLa prostituci\u00f3n tiene sus ra\u00edces en la violencia perpetrada contra las ni\u00f1as y ni\u00f1os. \u00a1La sociedad no debe esconder o negar esta violencia!\u201d exige Susanne Leutner, la vicepresidente de la Asociaci\u00f3n de Terapeutas en Trauma, EMDRIA. [&hellip;]<\/p>\n","protected":false},"author":2,"featured_media":0,"comment_status":"open","ping_status":"closed","sticky":false,"template":"","format":"standard","meta":[],"categories":[1],"tags":[],"_links":{"self":[{"href":"https:\/\/www.trauma-and-prostitution.eu\/es\/wp-json\/wp\/v2\/posts\/20"}],"collection":[{"href":"https:\/\/www.trauma-and-prostitution.eu\/es\/wp-json\/wp\/v2\/posts"}],"about":[{"href":"https:\/\/www.trauma-and-prostitution.eu\/es\/wp-json\/wp\/v2\/types\/post"}],"author":[{"embeddable":true,"href":"https:\/\/www.trauma-and-prostitution.eu\/es\/wp-json\/wp\/v2\/users\/2"}],"replies":[{"embeddable":true,"href":"https:\/\/www.trauma-and-prostitution.eu\/es\/wp-json\/wp\/v2\/comments?post=20"}],"version-history":[{"count":3,"href":"https:\/\/www.trauma-and-prostitution.eu\/es\/wp-json\/wp\/v2\/posts\/20\/revisions"}],"predecessor-version":[{"id":26,"href":"https:\/\/www.trauma-and-prostitution.eu\/es\/wp-json\/wp\/v2\/posts\/20\/revisions\/26"}],"wp:attachment":[{"href":"https:\/\/www.trauma-and-prostitution.eu\/es\/wp-json\/wp\/v2\/media?parent=20"}],"wp:term":[{"taxonomy":"category","embeddable":true,"href":"https:\/\/www.trauma-and-prostitution.eu\/es\/wp-json\/wp\/v2\/categories?post=20"},{"taxonomy":"post_tag","embeddable":true,"href":"https:\/\/www.trauma-and-prostitution.eu\/es\/wp-json\/wp\/v2\/tags?post=20"}],"curies":[{"name":"wp","href":"https:\/\/api.w.org\/{rel}","templated":true}]}}